{"id":3205,"date":"2021-09-17T07:50:10","date_gmt":"2021-09-17T05:50:10","guid":{"rendered":"https:\/\/www.bfilm.sk\/martin-ziskal-cenu-na-zlinskom-festivale-pre-deti\/"},"modified":"2021-09-17T07:54:50","modified_gmt":"2021-09-17T05:54:50","slug":"martin-ziskal-cenu-na-zlinskom-festivale-pre-deti","status":"publish","type":"post","link":"https:\/\/www.bfilm.sk\/en\/martin-ziskal-cenu-na-zlinskom-festivale-pre-deti\/","title":{"rendered":"MARTIN WAS AWARDED AT ZLIN FILM FEST FOR CHILDREN"},"content":{"rendered":"<!--themify_builder_content-->\n<div id=\"themify_builder_content-3205\" data-postid=\"3205\" class=\"themify_builder_content themify_builder_content-3205 themify_builder tf_clear\">\n    \t<!-- module_row -->\n\t<div  data-lazy=\"1\" class=\"module_row themify_builder_row tb_cbjz125 tb_first tf_clearfix\" >\n\t    \t\t<div class=\"row_inner col_align_top gutter-none tf_box tf_w tf_rel\">\n\t\t\t<div  data-lazy=\"1\" class=\"module_column tb-column col-full first tb_ydyu128 tf_box\">\n\t    \t    \t        <div class=\"tb-column-inner tf_box tf_w\">\n\t\t    <!-- module image -->\n<div  class=\"module module-image tb_pzca219   image-top auto_fullwidth tf_mw\" data-lazy=\"1\">\n            <div class=\"image-wrap tf_rel tf_mw\">\n\t\t    <img loading=\"lazy\" width=\"1815\" height=\"600\" src=\"https:\/\/www.bfilm.sk\/wp-content\/uploads\/2020\/04\/martin_banner_2.jpg\" class=\"wp-post-image wp-image-2170\" title=\"martin_banner_2\" alt=\"martin_banner_2\" srcset=\"https:\/\/www.bfilm.sk\/wp-content\/uploads\/2020\/04\/martin_banner_2.jpg 1815w, https:\/\/www.bfilm.sk\/wp-content\/uploads\/2020\/04\/martin_banner_2-300x99.jpg 300w, https:\/\/www.bfilm.sk\/wp-content\/uploads\/2020\/04\/martin_banner_2-1024x339.jpg 1024w, https:\/\/www.bfilm.sk\/wp-content\/uploads\/2020\/04\/martin_banner_2-768x254.jpg 768w, https:\/\/www.bfilm.sk\/wp-content\/uploads\/2020\/04\/martin_banner_2-1536x508.jpg 1536w\" sizes=\"(max-width: 1815px) 100vw, 1815px\" \/>\t\n\t\t<\/div>\n\t<!-- \/image-wrap -->\n    \n    \n<\/div>\n<!-- \/module image --><!-- module text -->\n<div  class=\"module module-text tb_zucr199   \" data-lazy=\"1\">\n            <div  class=\"tb_text_wrap\">\n    <h1 style=\"text-align: center;\">MARTIN AND MAGICAL FOREST WAS AWARDED AT ZLIN FILM FESTIVAL\u00a0<\/h1>    <\/div>\n<\/div>\n<!-- \/module text --><!-- module text -->\n<div  class=\"module module-text tb_suan840   \" data-lazy=\"1\">\n            <div  class=\"tb_text_wrap\">\n    <p>After the world premiere of our new film\u00a0<em>Martin and the Magical Forest\u00a0<\/em>at the BUFF Film Festival in Malm\u00f6, our film was also presented at the 61st Zl\u00edn International Film Festival for Children and Youth, where it won the Audience Award &#8211; the Zl\u00edn City Award.<\/p>\n<p>Thank you and we are happy that the film has found its way to the audience even in this difficult time!<\/p>\n<p>You can find the interview with the film&#8217;s director Peter Oukropcom <a href=\"https:\/\/www.zlinfest.cz\/27365n-petr-oukropec-kouzelni-lesni-tvorove-v-nasem-filmu-jsou-silni-i-zranitelni-zaroven-stejne-jako-priroda?fbclid=IwAR3f7FU6I_JhhnznF_7PVvqrNs7NH1wqWzgXEd_RF5GUuCdlIS1FSjLkoLg\" target=\"_blank\" rel=\"noopener\">here<\/a>.<\/p>    <\/div>\n<\/div>\n<!-- \/module text -->\t        <\/div>\n\t    \t<\/div>\n\t\t    <\/div>\n\t    <!-- \/row_inner -->\n\t<\/div>\n\t<!-- \/module_row -->\n\t<\/div>\n<!--\/themify_builder_content-->","protected":false},"excerpt":{"rendered":"<p>MARTIN AND MAGICAL FOREST WAS AWARDED AT ZLIN FILM FESTIVAL\u00a0 After the world premiere of our new film\u00a0Martin and the Magical Forest\u00a0at the BUFF Film Festival in Malm\u00f6, our film was also presented at the 61st Zl\u00edn International Film Festival for Children and Youth, where it won the Audience Award &#8211; the Zl\u00edn City Award. [&hellip;]<\/p>\n","protected":false},"author":2,"featured_media":3198,"comment_status":"open","ping_status":"open","sticky":false,"template":"","format":"standard","meta":[],"categories":[16],"tags":[],"builder_content":"<img loading=\"lazy\" width=\"1815\" height=\"600\" src=\"https:\/\/www.bfilm.sk\/wp-content\/uploads\/2020\/04\/martin_banner_2.jpg\" title=\"martin_banner_2\" alt=\"martin_banner_2\" srcset=\"https:\/\/www.bfilm.sk\/wp-content\/uploads\/2020\/04\/martin_banner_2.jpg 1815w, https:\/\/www.bfilm.sk\/wp-content\/uploads\/2020\/04\/martin_banner_2-300x99.jpg 300w, https:\/\/www.bfilm.sk\/wp-content\/uploads\/2020\/04\/martin_banner_2-1024x339.jpg 1024w, https:\/\/www.bfilm.sk\/wp-content\/uploads\/2020\/04\/martin_banner_2-768x254.jpg 768w, https:\/\/www.bfilm.sk\/wp-content\/uploads\/2020\/04\/martin_banner_2-1536x508.jpg 1536w\" sizes=\"(max-width: 1815px) 100vw, 1815px\" \/>\n<h1 style=\"text-align: center;\">MARTIN AND MAGICAL FOREST WAS AWARDED AT ZLIN FILM FESTIVAL\u00a0<\/h1>\n<p>After the world premiere of our new film\u00a0<em>Martin and the Magical Forest\u00a0<\/em>at the BUFF Film Festival in Malm\u00f6, our film was also presented at the 61st Zl\u00edn International Film Festival for Children and Youth, where it won the Audience Award - the Zl\u00edn City Award.<\/p> <p>Thank you and we are happy that the film has found its way to the audience even in this difficult time!<\/p> <p>You can find the interview with the film's director Peter Oukropcom <a href=\"https:\/\/www.zlinfest.cz\/27365n-petr-oukropec-kouzelni-lesni-tvorove-v-nasem-filmu-jsou-silni-i-zranitelni-zaroven-stejne-jako-priroda?fbclid=IwAR3f7FU6I_JhhnznF_7PVvqrNs7NH1wqWzgXEd_RF5GUuCdlIS1FSjLkoLg\">here<\/a>.<\/p>","_links":{"self":[{"href":"https:\/\/www.bfilm.sk\/en\/wp-json\/wp\/v2\/posts\/3205"}],"collection":[{"href":"https:\/\/www.bfilm.sk\/en\/wp-json\/wp\/v2\/posts"}],"about":[{"href":"https:\/\/www.bfilm.sk\/en\/wp-json\/wp\/v2\/types\/post"}],"author":[{"embeddable":true,"href":"https:\/\/www.bfilm.sk\/en\/wp-json\/wp\/v2\/users\/2"}],"replies":[{"embeddable":true,"href":"https:\/\/www.bfilm.sk\/en\/wp-json\/wp\/v2\/comments?post=3205"}],"version-history":[{"count":4,"href":"https:\/\/www.bfilm.sk\/en\/wp-json\/wp\/v2\/posts\/3205\/revisions"}],"predecessor-version":[{"id":3210,"href":"https:\/\/www.bfilm.sk\/en\/wp-json\/wp\/v2\/posts\/3205\/revisions\/3210"}],"wp:featuredmedia":[{"embeddable":true,"href":"https:\/\/www.bfilm.sk\/en\/wp-json\/wp\/v2\/media\/3198"}],"wp:attachment":[{"href":"https:\/\/www.bfilm.sk\/en\/wp-json\/wp\/v2\/media?parent=3205"}],"wp:term":[{"taxonomy":"category","embeddable":true,"href":"https:\/\/www.bfilm.sk\/en\/wp-json\/wp\/v2\/categories?post=3205"},{"taxonomy":"post_tag","embeddable":true,"href":"https:\/\/www.bfilm.sk\/en\/wp-json\/wp\/v2\/tags?post=3205"}],"curies":[{"name":"wp","href":"https:\/\/api.w.org\/{rel}","templated":true}]}}